{"id":4512,"date":"2026-04-27T12:40:30","date_gmt":"2026-04-27T12:40:30","guid":{"rendered":"https:\/\/trailrunner.cat\/?p=4512"},"modified":"2026-04-27T12:40:30","modified_gmt":"2026-04-27T12:40:30","slug":"la-sportiva-prodigio-pro-post-352-kms","status":"publish","type":"post","link":"https:\/\/trailrunner.cat\/?p=4512","title":{"rendered":"La Sportiva Prodigio Pro, post 352 kms"},"content":{"rendered":"\n<p><em>L&#8217;evoluci\u00f3 premium de la Prodigio amb upper Power Wire, malla XFlow Speed amb TPU+nitrogen i goma FriXion White, pensada per a la competici\u00f3 d&#8217;ultradist\u00e0ncia.<\/em><\/p>\n\n\n\n<h2 class=\"wp-block-heading\">Introducci\u00f3<\/h2>\n\n\n\n<p>Despr\u00e9s que la Prodigio &#8220;a seques&#8221; sorprengu\u00e9s al m\u00f3n del trail running el 2024 (i que jo mateix vaig analitzar a fons en el post anterior amb 600 km), La Sportiva va decidir anar un pas m\u00e9s enll\u00e0 i llan\u00e7ar la versi\u00f3 <strong>Pro<\/strong>. I cal dir-ho clar des del principi: despr\u00e9s de 352 kms al damunt, \u00e9s una de les millors sabatilles que ha tret la marca dels Dolomites en tota la seva hist\u00f2ria.<\/p>\n\n\n\n<p>L&#8217;estrat\u00e8gia \u00e9s clara: agafar la base que ja funcionava (al\u00e7ades, drop, geometria) i pujar tots els components a categoria premium \u2014 upper Power Wire teixit, espuma XFlow Speed amb TPU infusionat amb nitrogen i la goma m\u00e9s adherent de la casa, la FriXion White (XF 2.0).<\/p>\n\n\n\n<p><a href=\"https:\/\/trailrunner.cat\/wp-content\/uploads\/2026\/04\/05-prodigio-pro-vista-zenital.jpg\"><img loading=\"lazy\" decoding=\"async\" class=\"alignnone size-large wp-image-4519\" src=\"https:\/\/trailrunner.cat\/wp-content\/uploads\/2026\/04\/05-prodigio-pro-vista-zenital-768x1024.jpg\" alt=\"\" width=\"640\" height=\"853\" srcset=\"https:\/\/trailrunner.cat\/wp-content\/uploads\/2026\/04\/05-prodigio-pro-vista-zenital-768x1024.jpg 768w, https:\/\/trailrunner.cat\/wp-content\/uploads\/2026\/04\/05-prodigio-pro-vista-zenital-225x300.jpg 225w, https:\/\/trailrunner.cat\/wp-content\/uploads\/2026\/04\/05-prodigio-pro-vista-zenital-1152x1536.jpg 1152w, https:\/\/trailrunner.cat\/wp-content\/uploads\/2026\/04\/05-prodigio-pro-vista-zenital-1536x2048.jpg 1536w, https:\/\/trailrunner.cat\/wp-content\/uploads\/2026\/04\/05-prodigio-pro-vista-zenital.jpg 1600w\" sizes=\"auto, (max-width: 640px) 100vw, 640px\" \/><\/a><\/p>\n\n\n\n<h2 class=\"wp-block-heading\">Fitxa t\u00e8cnica oficial<\/h2>\n\n\n\n<p>Aquestes s\u00f3n les dades verificades a la web oficial de La Sportiva:<\/p>\n\n\n\n<ul class=\"wp-block-list\">\n<li><strong>Pes oficial:<\/strong> 255 g (talla de refer\u00e8ncia)<\/li>\n\n\n\n<li><strong>Drop:<\/strong> 6 mm<\/li>\n\n\n\n<li><strong>Stack height:<\/strong> 34 mm tal\u00f3 \/ 28 mm puntera<\/li>\n\n\n\n<li><strong>Upper:<\/strong> PES Power Wire amb recobriment TPU i refor\u00e7os de TPU + Nylon<\/li>\n\n\n\n<li><strong>Lining:<\/strong> malla 3D reciclada<\/li>\n\n\n\n<li><strong>Plantilla:<\/strong> XFlow Speed de 5 mm amb TPU+NITRO 100% reciclat<\/li>\n\n\n\n<li><strong>Mitja sola:<\/strong> nucli intern XFlow Speed TPU+NITRO + film SpeedFilm&#x2122; recobert de PU + cage exterior d&#8217;EVA+NITRO XFlow<\/li>\n\n\n\n<li><strong>Sola:<\/strong> FriXion\u00ae XF 2.0 amb tacs de 4 mm<\/li>\n\n\n\n<li><strong>Tallatge:<\/strong> 40 a 49.5 (mitges talles)<\/li>\n\n\n\n<li><strong>Preu PVP:<\/strong> 200 \u20ac (recomanat oficial; al mercat es troben des d&#8217;uns 165 \u20ac amb descomptes)<\/li>\n<\/ul>\n\n\n\n<p>Una nota important sobre el pes: el de cat\u00e0leg s\u00f3n 255 g, per\u00f2 els tests independents (RunRepeat, iRunFar, OutdoorGearLab) la pesen entre 267 i 277 g en talles US 9.5-10. Per tant, en una talla mitjana d&#8217;home real, espereu uns 270 g aproximadament. Encara aix\u00ed, \u00e9s un pes molt competitiu pel nivell d&#8217;amortiment que ofereix.<\/p>\n\n\n\n<p><a href=\"https:\/\/trailrunner.cat\/wp-content\/uploads\/2026\/04\/04-prodigio-pro-sola-frixion.jpg\"><img loading=\"lazy\" decoding=\"async\" class=\"alignnone size-large wp-image-4515\" src=\"https:\/\/trailrunner.cat\/wp-content\/uploads\/2026\/04\/04-prodigio-pro-sola-frixion-768x1024.jpg\" alt=\"\" width=\"640\" height=\"853\" srcset=\"https:\/\/trailrunner.cat\/wp-content\/uploads\/2026\/04\/04-prodigio-pro-sola-frixion-768x1024.jpg 768w, https:\/\/trailrunner.cat\/wp-content\/uploads\/2026\/04\/04-prodigio-pro-sola-frixion-225x300.jpg 225w, https:\/\/trailrunner.cat\/wp-content\/uploads\/2026\/04\/04-prodigio-pro-sola-frixion-1152x1536.jpg 1152w, https:\/\/trailrunner.cat\/wp-content\/uploads\/2026\/04\/04-prodigio-pro-sola-frixion-1536x2048.jpg 1536w, https:\/\/trailrunner.cat\/wp-content\/uploads\/2026\/04\/04-prodigio-pro-sola-frixion.jpg 1600w\" sizes=\"auto, (max-width: 640px) 100vw, 640px\" \/><\/a><\/p>\n\n\n\n<h2 class=\"wp-block-heading\">El nou upper: Power Wire<\/h2>\n\n\n\n<p>L&#8217;upper \u00e9s, probablement, el canvi m\u00e9s visible respecte la Prodigio original. La Sportiva ha desenvolupat la tecnologia <strong>Power Wire<\/strong>, una malla teixida amb fils de TPU fusionats que donen una aparen\u00e7a gaireb\u00e9 &#8220;computacional&#8221;. La sensaci\u00f3 al tacte exterior \u00e9s for\u00e7a aspra i &#8220;plasticosa&#8221;, cosa que la primera vegada que la toques fins i tot fa una mica de respecte. Per\u00f2 per dins, el lining de malla 3D reciclada \u00e9s molt confortable.<\/p>\n\n\n\n<p>Caracter\u00edstiques clau del upper:<\/p>\n\n\n\n<ul class=\"wp-block-list\">\n<li><strong>Construcci\u00f3 tipus mitj\u00f3<\/strong> al mig peu<\/li>\n\n\n\n<li><strong>Knit collar<\/strong> (coll teixit) integrat que actua com a polaina interna, evitant l&#8217;entrada de pedres i runa<\/li>\n\n\n\n<li><strong>Refor\u00e7os de TPU<\/strong> estrat\u00e8gicament situats per durabilitat sense afegir pes<\/li>\n\n\n\n<li><strong>Wrapping system<\/strong> al mig peu per a una transfer\u00e8ncia eficient d&#8217;energia<\/li>\n<\/ul>\n\n\n\n<p>Sobre la forma: La Sportiva la classifica com a &#8220;amplia&#8221; dins del seu cat\u00e0leg, per\u00f2 seguim parlant d&#8217;una marca italiana de muntanya. Comparada amb una Altra o una Topo, segueix sent ajustada. El que s\u00ed que t\u00e9 \u00e9s m\u00e9s volum a l&#8217;avantpeu que altres models de la casa com la Bushido o la Mutant.<\/p>\n\n\n\n<p><a href=\"https:\/\/trailrunner.cat\/wp-content\/uploads\/2026\/04\/03-prodigio-pro-frontal-detall.jpg\"><img loading=\"lazy\" decoding=\"async\" class=\"alignnone size-large wp-image-4517\" src=\"https:\/\/trailrunner.cat\/wp-content\/uploads\/2026\/04\/03-prodigio-pro-frontal-detall-768x1024.jpg\" alt=\"\" width=\"640\" height=\"853\" srcset=\"https:\/\/trailrunner.cat\/wp-content\/uploads\/2026\/04\/03-prodigio-pro-frontal-detall-768x1024.jpg 768w, https:\/\/trailrunner.cat\/wp-content\/uploads\/2026\/04\/03-prodigio-pro-frontal-detall-225x300.jpg 225w, https:\/\/trailrunner.cat\/wp-content\/uploads\/2026\/04\/03-prodigio-pro-frontal-detall-1152x1536.jpg 1152w, https:\/\/trailrunner.cat\/wp-content\/uploads\/2026\/04\/03-prodigio-pro-frontal-detall-1536x2048.jpg 1536w, https:\/\/trailrunner.cat\/wp-content\/uploads\/2026\/04\/03-prodigio-pro-frontal-detall.jpg 1600w\" sizes=\"auto, (max-width: 640px) 100vw, 640px\" \/><\/a><\/p>\n\n\n\n<h2 class=\"wp-block-heading\">La mitja sola XFlow Speed: el cor del canvi<\/h2>\n\n\n\n<p>Aqu\u00ed \u00e9s on la Prodigio Pro fa el salt qualitatiu. La mitja sola combina dos compostos:<\/p>\n\n\n\n<ol class=\"wp-block-list\">\n<li><strong>Nucli intern de TPU infusionat amb nitrogen<\/strong> (s\u00faper critical) \u2014 \u00e9s el que dona el rebot<\/li>\n\n\n\n<li><strong>Cage exterior d&#8217;EVA+NITRO<\/strong> \u2014 donen estabilitat i contenci\u00f3 lateral<\/li>\n<\/ol>\n\n\n\n<p>El TPU amb nitrogen segellat \u00e9s un material que, a difer\u00e8ncia de l&#8217;EVA tradicional, mant\u00e9 l&#8217;aire dins de la c\u00e8l\u00b7lula i aix\u00f2 fa que la sabatilla sigui m\u00e9s resistent a la compressi\u00f3 i mantingui les propietats al llarg del temps.<\/p>\n\n\n\n<p>La sensaci\u00f3 de c\u00f3rrer \u00e9s d&#8217;un rebot molt notable, fins al punt que diversos testers internacionals van pensar que portava placa de carboni. <strong>No la porta<\/strong> \u2014 i aix\u00f2 \u00e9s un punt important. La sensaci\u00f3 &#8220;propulsiva&#8221; ve \u00fanicament de la combinaci\u00f3 espuma + geometria amb rocker.<\/p>\n\n\n\n<p>El rocker, precisament, \u00e9s una caracter\u00edstica important: La Sportiva ha mantingut la geometria del davant igual que la Prodigio original, per\u00f2 ha <strong>millorat el rocker del tal\u00f3<\/strong> per afavorir un aterratge m\u00e9s r\u00e0pid i una transici\u00f3 m\u00e9s fluida.<\/p>\n\n\n\n<p><a href=\"https:\/\/trailrunner.cat\/wp-content\/uploads\/2026\/04\/02-prodigio-pro-frontal-mediasola.jpg\"><img loading=\"lazy\" decoding=\"async\" class=\"alignnone size-large wp-image-4518\" src=\"https:\/\/trailrunner.cat\/wp-content\/uploads\/2026\/04\/02-prodigio-pro-frontal-mediasola-768x1024.jpg\" alt=\"\" width=\"640\" height=\"853\" srcset=\"https:\/\/trailrunner.cat\/wp-content\/uploads\/2026\/04\/02-prodigio-pro-frontal-mediasola-768x1024.jpg 768w, https:\/\/trailrunner.cat\/wp-content\/uploads\/2026\/04\/02-prodigio-pro-frontal-mediasola-225x300.jpg 225w, https:\/\/trailrunner.cat\/wp-content\/uploads\/2026\/04\/02-prodigio-pro-frontal-mediasola-1152x1536.jpg 1152w, https:\/\/trailrunner.cat\/wp-content\/uploads\/2026\/04\/02-prodigio-pro-frontal-mediasola-1536x2048.jpg 1536w, https:\/\/trailrunner.cat\/wp-content\/uploads\/2026\/04\/02-prodigio-pro-frontal-mediasola.jpg 1600w\" sizes=\"auto, (max-width: 640px) 100vw, 640px\" \/><\/a><\/p>\n\n\n\n<h2 class=\"wp-block-heading\">La sola FriXion White (XF 2.0)<\/h2>\n\n\n\n<p>La marca italiana ha decidit apostar fort pel seu propi compost en lloc de tirar de Vibram, com fan moltes altres marques. La <strong>FriXion XF 2.0<\/strong> (anomenada tamb\u00e9 &#8220;FriXion White&#8221; pel logotip blanc que la identifica) \u00e9s la goma m\u00e9s adherent del cat\u00e0leg de La Sportiva.<\/p>\n\n\n\n<p>Caracter\u00edstiques de la sola:<\/p>\n\n\n\n<ul class=\"wp-block-list\">\n<li><strong>Tacs de 4 mm<\/strong> amb perfil en U \/ multidireccionals<\/li>\n\n\n\n<li><strong>Cobertura gaireb\u00e9 total de la sola<\/strong> amb goma (nom\u00e9s una petita finestra al pont del peu)<\/li>\n\n\n\n<li><strong>Protecci\u00f3 lateral de goma<\/strong> al metatars que puja per la mitja sola<\/li>\n\n\n\n<li><strong>Disseny asim\u00e8tric<\/strong> dels tacs perimetrals (m\u00e9s gruixuts a la part externa) per millorar la sensaci\u00f3 d&#8217;estabilitat lateral.<\/li>\n<\/ul>\n\n\n\n<p>Pel que fa al rendiment general: en sec excel\u00b7leix, en humit funciona molt b\u00e9 sobre roca, i el punt feble seria el fang molt profund (els tacs de 4 mm queden curts per a fang gros). En cap cas \u00e9s una sabatilla per a corredors que busquen una &#8220;trepitjada&#8221; agressiva tipus VJ Ultra o Salomon Speedcross.<\/p>\n\n\n\n<p><a href=\"https:\/\/trailrunner.cat\/wp-content\/uploads\/2026\/04\/01-prodigio-pro-vista-lateral.jpg\"><img loading=\"lazy\" decoding=\"async\" class=\"alignnone size-large wp-image-4520\" src=\"https:\/\/trailrunner.cat\/wp-content\/uploads\/2026\/04\/01-prodigio-pro-vista-lateral-768x1024.jpg\" alt=\"\" width=\"640\" height=\"853\" srcset=\"https:\/\/trailrunner.cat\/wp-content\/uploads\/2026\/04\/01-prodigio-pro-vista-lateral-768x1024.jpg 768w, https:\/\/trailrunner.cat\/wp-content\/uploads\/2026\/04\/01-prodigio-pro-vista-lateral-225x300.jpg 225w, https:\/\/trailrunner.cat\/wp-content\/uploads\/2026\/04\/01-prodigio-pro-vista-lateral-1152x1536.jpg 1152w, https:\/\/trailrunner.cat\/wp-content\/uploads\/2026\/04\/01-prodigio-pro-vista-lateral-1536x2048.jpg 1536w, https:\/\/trailrunner.cat\/wp-content\/uploads\/2026\/04\/01-prodigio-pro-vista-lateral.jpg 1600w\" sizes=\"auto, (max-width: 640px) 100vw, 640px\" \/><\/a><\/p>\n\n\n\n<h2 class=\"wp-block-heading\">Tallatge<\/h2>\n\n\n\n<p>Aquest \u00e9s un punt on cal ser molt clar: <strong>la Prodigio Pro talla curta<\/strong>, com gaireb\u00e9 totes les La Sportiva. La recomanaci\u00f3 \u00e9s pujar com a m\u00ednim mitja talla, i si parlem d&#8217;ultradist\u00e0ncia on hi ha inflament del peu, una talla sencera US.<\/p>\n\n\n\n<p>La mateixa La Sportiva ho recomana al seu fit tip. Si veniu d&#8217;altres marques i no heu cal\u00e7at mai una La Sportiva, sapigueu que \u00e9s molt m\u00e9s estreta de longitud que la majoria de marques americanes (Hoka, Brooks, Altra\u2026).<\/p>\n\n\n\n<p>Per tenir refer\u00e8ncia de l&#8217;est\u00e0ndard de la marca: si calceu una <strong>42.5 EU<\/strong> a la majoria de marques, probablement necessitareu una <strong>43 o 43.5 EU<\/strong> a la Prodigio Pro.<\/p>\n\n\n\n<p><a href=\"https:\/\/trailrunner.cat\/wp-content\/uploads\/2026\/04\/06-prodigio-pro-detall-puntera.jpg\"><img loading=\"lazy\" decoding=\"async\" class=\"alignnone size-large wp-image-4516\" src=\"https:\/\/trailrunner.cat\/wp-content\/uploads\/2026\/04\/06-prodigio-pro-detall-puntera-768x1024.jpg\" alt=\"\" width=\"640\" height=\"853\" srcset=\"https:\/\/trailrunner.cat\/wp-content\/uploads\/2026\/04\/06-prodigio-pro-detall-puntera-768x1024.jpg 768w, https:\/\/trailrunner.cat\/wp-content\/uploads\/2026\/04\/06-prodigio-pro-detall-puntera-225x300.jpg 225w, https:\/\/trailrunner.cat\/wp-content\/uploads\/2026\/04\/06-prodigio-pro-detall-puntera-1152x1536.jpg 1152w, https:\/\/trailrunner.cat\/wp-content\/uploads\/2026\/04\/06-prodigio-pro-detall-puntera-1536x2048.jpg 1536w, https:\/\/trailrunner.cat\/wp-content\/uploads\/2026\/04\/06-prodigio-pro-detall-puntera.jpg 1600w\" sizes=\"auto, (max-width: 640px) 100vw, 640px\" \/><\/a><\/p>\n\n\n\n<h2 class=\"wp-block-heading\">Per a qui est\u00e0 pensada?<\/h2>\n\n\n\n<p>Despr\u00e9s de 352 km amb elles, el perfil del corredor ideal per a la Prodigio Pro \u00e9s:<\/p>\n\n\n\n<ul class=\"wp-block-list\">\n<li><strong>Corredor experimentat<\/strong> d&#8217;ultradist\u00e0ncia (50K-100M)<\/li>\n\n\n\n<li><strong>Trepitjada eficient<\/strong> (mig peu o avantpeu) per aprofitar el rebot<\/li>\n\n\n\n<li><strong>Terreny mixt i r\u00e0pid<\/strong>: trail rolling, single track, pistes\u2026 tot el que sigui &#8220;c\u00f3rrer&#8221; i no &#8220;grimpar&#8221;<\/li>\n\n\n\n<li><strong>Que no busqui una sabatilla 100% t\u00e8cnica de muntanya<\/strong> (per aix\u00f2 La Sportiva t\u00e9 la Cyklon, Mutant o Jackal)<\/li>\n<\/ul>\n\n\n\n<p>Llocs on <strong>brilla<\/strong>: terreny r\u00e0pid, ultres tipus rolling com poden ser molts trams del UTMB \/ TDS o curses americanes amb singletrack i molt rodament. Anton Krupricka va col\u00b7laborar al seu desenvolupament i aix\u00f2 es nota.<\/p>\n\n\n\n<p>Llocs on <strong>\u00e9s menys recomanable<\/strong>: muntanya molt t\u00e8cnica i vertical (Pirineu pur, terreny molt t\u00e8cnic mullat). Sense placa, sense protecci\u00f3 r\u00edgida i amb un stack alt, perd una mica de control fi en passos molt verticals.<\/p>\n\n\n\n<h2 class=\"wp-block-heading\">Punts forts (segons la meva experi\u00e8ncia)<\/h2>\n\n\n\n<ul class=\"wp-block-list\">\n<li>Rebot real i sostingut gr\u00e0cies a l&#8217;XFlow Speed (TPU+N\u2082)<\/li>\n\n\n\n<li>Sensaci\u00f3 de propulsi\u00f3 sense necessitat de placa de carboni<\/li>\n\n\n\n<li>Sola amb cobertura quasi total de FriXion XF 2.0<\/li>\n\n\n\n<li>Polaina integrada al collar molt ben resolta<\/li>\n\n\n\n<li>Protecci\u00f3 lateral del metatars<\/li>\n\n\n\n<li>Estabilitat sorprenent per al stack que t\u00e9 (34 mm)<\/li>\n<\/ul>\n\n\n\n<h2 class=\"wp-block-heading\">Punts febles<\/h2>\n\n\n\n<ul class=\"wp-block-list\">\n<li>Preu elevat (200 \u20ac PVP)<\/li>\n\n\n\n<li>Tallatge curt<\/li>\n\n\n\n<li>Upper pot ser massa ajustat per peus de volum alt<\/li>\n\n\n\n<li>Sense placa = menys protecci\u00f3 en pedrots \/ tal\u00fas<\/li>\n\n\n\n<li>No \u00e9s per a fang profund<\/li>\n\n\n\n<li>La part externa del upper \u00e9s aspra al tacte<\/li>\n<\/ul>\n\n\n\n<h2 class=\"wp-block-heading\">Comparativa amb altres models que he provat<\/h2>\n\n\n\n<ul class=\"wp-block-list\">\n<li><strong>vs. la Prodigio &#8220;a seques&#8221; (post 600 km):<\/strong> la Pro \u00e9s m\u00e9s reactiva, m\u00e9s estable, amb millor sola i un upper molt m\u00e9s premium. La Prodigio normal \u00e9s m\u00e9s &#8220;tot terreny diari&#8221;, la Pro \u00e9s m\u00e9s &#8220;dia de cursa&#8221;. <\/li>\n\n\n\n<li><strong>vs. Nnormal Kjerag1 (post 700 km):<\/strong> la Kjerag \u00e9s m\u00e9s baixa, m\u00e9s t\u00e8cnica, m\u00e9s directa. La Prodigio Pro t\u00e9 molt m\u00e9s amortiment i \u00e9s m\u00e9s indicada per ultres llargues. <\/li>\n\n\n\n<li><strong>vs. Altra Timp 5 (post 370 km):<\/strong> drop diferent (la Timp \u00e9s zero-drop, la Prodigio Pro 6 mm), filosofies oposades de trepitjada. <\/li>\n<\/ul>\n\n\n\n<h2 class=\"wp-block-heading\">Conclusi\u00f3<\/h2>\n\n\n\n<p>La Sportiva Prodigio Pro \u00e9s, sense embuts, una de les millors sabatilles de trail running que ha tret la marca italiana fins ara. \u00c9s una resposta seriosa i molt ben executada al fenomen de les &#8220;super shoes&#8221; del trail, per\u00f2 amb la personalitat t\u00e8cnica de la marca: sola adherent, protecci\u00f3 lateral i un upper prec\u00eds i contenidor.<\/p>\n\n\n\n<p>\u00c9s cara (200 \u20ac), talla curta i no \u00e9s la m\u00e9s indicada per a fang profund o muntanya extremadament t\u00e8cnica. Per\u00f2 per a qui busqui una sabatilla per a curses ultra de tipus rolling, single track i terreny variat, on cal mantenir un ritme alegre durant moltes hores, \u00e9s <strong>una de les millors opcions del mercat actual<\/strong>.<\/p>\n\n\n\n<hr class=\"wp-block-separator has-alpha-channel-opacity\"\/>\n\n\n\n<p><em>Fitxa t\u00e8cnica i dades contrastades amb fonts oficials de La Sportiva i tests independents. Quil\u00f2metres acumulats en aquesta review: 352 km.<\/em><\/p>\n\n\n\n<p>Salut i muntanya!<\/p>\n\n\n","protected":false},"excerpt":{"rendered":"<p>L&#8217;evoluci\u00f3 premium de la Prodigio amb upper Power Wire, malla XFlow Speed amb TPU+nitrogen i goma FriXion White, pensada per a la competici\u00f3 d&#8217;ultradist\u00e0ncia. Introducci\u00f3 Despr\u00e9s que la Prodigio &#8220;a seques&#8221; sorprengu\u00e9s al m\u00f3n del trail running el 2024 (i que jo mateix vaig analitzar a fons en el post anterior amb 600 km), La [&hellip;]<\/p>\n","protected":false},"author":1,"featured_media":4522,"comment_status":"closed","ping_status":"open","sticky":false,"template":"","format":"standard","meta":{"ngg_post_thumbnail":0,"jetpack_post_was_ever_published":false,"_jetpack_newsletter_access":"","_jetpack_dont_email_post_to_subs":false,"_jetpack_newsletter_tier_id":0,"_jetpack_memberships_contains_paywalled_content":false,"_jetpack_memberships_contains_paid_content":false,"footnotes":"","jetpack_publicize_message":"","jetpack_publicize_feature_enabled":true,"jetpack_social_post_already_shared":true,"jetpack_social_options":{"image_generator_settings":{"template":"highway","default_image_id":0,"font":"","enabled":false},"version":2}},"categories":[20,5],"tags":[499,500,32,159,37,238],"class_list":["post-4512","post","type-post","status-publish","format-standard","has-post-thumbnail","hentry","category-reviews-de-material-esportiu","category-run-walk","tag-la-sportiva","tag-prodigio-pro","tag-trail","tag-trailrunning","tag-ultra","tag-ultratrail"],"jetpack_publicize_connections":[],"jetpack_featured_media_url":"https:\/\/trailrunner.cat\/wp-content\/uploads\/2026\/04\/portada-prodigio-pro-quadrada.jpg","jetpack_sharing_enabled":true,"jetpack_shortlink":"https:\/\/wp.me\/p6t62L-1aM","_links":{"self":[{"href":"https:\/\/trailrunner.cat\/index.php?rest_route=\/wp\/v2\/posts\/4512","targetHints":{"allow":["GET"]}}],"collection":[{"href":"https:\/\/trailrunner.cat\/index.php?rest_route=\/wp\/v2\/posts"}],"about":[{"href":"https:\/\/trailrunner.cat\/index.php?rest_route=\/wp\/v2\/types\/post"}],"author":[{"embeddable":true,"href":"https:\/\/trailrunner.cat\/index.php?rest_route=\/wp\/v2\/users\/1"}],"replies":[{"embeddable":true,"href":"https:\/\/trailrunner.cat\/index.php?rest_route=%2Fwp%2Fv2%2Fcomments&post=4512"}],"version-history":[{"count":3,"href":"https:\/\/trailrunner.cat\/index.php?rest_route=\/wp\/v2\/posts\/4512\/revisions"}],"predecessor-version":[{"id":4521,"href":"https:\/\/trailrunner.cat\/index.php?rest_route=\/wp\/v2\/posts\/4512\/revisions\/4521"}],"wp:featuredmedia":[{"embeddable":true,"href":"https:\/\/trailrunner.cat\/index.php?rest_route=\/wp\/v2\/media\/4522"}],"wp:attachment":[{"href":"https:\/\/trailrunner.cat\/index.php?rest_route=%2Fwp%2Fv2%2Fmedia&parent=4512"}],"wp:term":[{"taxonomy":"category","embeddable":true,"href":"https:\/\/trailrunner.cat\/index.php?rest_route=%2Fwp%2Fv2%2Fcategories&post=4512"},{"taxonomy":"post_tag","embeddable":true,"href":"https:\/\/trailrunner.cat\/index.php?rest_route=%2Fwp%2Fv2%2Ftags&post=4512"}],"curies":[{"name":"wp","href":"https:\/\/api.w.org\/{rel}","templated":true}]}}